{"id":2506,"date":"2023-12-13T13:28:21","date_gmt":"2023-12-13T12:28:21","guid":{"rendered":"https:\/\/www.bestattung-leitner.at\/_aktuelleSterbefaelle\/?p=2506"},"modified":"2023-12-13T13:28:57","modified_gmt":"2023-12-13T12:28:57","slug":"ilse-hubmer-2-2-2-2-2-2-2-2-2-2-2-2-2-2-2-2-2-2-2-2-2-2-2-2-2-2-2-2-2-2-2-2-2-3-2-2-2-2-2-2-2-2-2-2-2-2-2-2-2-2-2-2-2-2-2-2-2-2-2-2-2-2-2-2-2-2-2-2-2-2-2-2-2-2-2-2-2-2-2-2-2-2-2-2-2-2-2-2-2-2-2-2-126","status":"publish","type":"post","link":"https:\/\/www.bestattung-leitner.at\/_aktuelleSterbefaelle\/?p=2506","title":{"rendered":"August Mairhuber"},"content":{"rendered":"<p><img loading=\"lazy\" decoding=\"async\" class=\"alignnone size-full wp-image-2505\" src=\"http:\/\/www.bestattung-leitner.at\/_aktuelleSterbefaelle\/wp-content\/uploads\/2023\/12\/Parte-Mairhuber.jpg\" alt=\"\" width=\"600\" height=\"848\" \/><\/p>\n","protected":false},"excerpt":{"rendered":"<p><strong>Sterbedatum: 12. Dezember 2023<\/strong><\/p>\n<p>F\u00fcr alle, die sich pers\u00f6nlich verabschieden m\u00f6chten,<\/p>\n<p>besteht die M\u00f6glichkeit in der Aufbahrungshalle Laakirchen<\/p>\n<p>am Donnerstag den 14. Dezember 2023 und<\/p>\n<p>Freitag 15. Dezember 2023 von 8.00 Uhr bis 20.00 Uhr.<\/p>\n<p>&nbsp;<\/p>\n<p>Auf Wunsch unseres lieben Verstorbenen<\/p>\n<p>findet die Trauerfeier im engsten Familienkreis statt.<\/p>\n<p>&nbsp;<\/p>\n","protected":false},"author":4,"featured_media":2504,"comment_status":"open","ping_status":"closed","sticky":false,"template":"","format":"standard","meta":{"footnotes":""},"categories":[3],"tags":[],"class_list":["post-2506","post","type-post","status-publish","format-standard","has-post-thumbnail","hentry","category-sterbefaelle"],"_links":{"self":[{"href":"https:\/\/www.bestattung-leitner.at\/_aktuelleSterbefaelle\/index.php?rest_route=\/wp\/v2\/posts\/2506","targetHints":{"allow":["GET"]}}],"collection":[{"href":"https:\/\/www.bestattung-leitner.at\/_aktuelleSterbefaelle\/index.php?rest_route=\/wp\/v2\/posts"}],"about":[{"href":"https:\/\/www.bestattung-leitner.at\/_aktuelleSterbefaelle\/index.php?rest_route=\/wp\/v2\/types\/post"}],"author":[{"embeddable":true,"href":"https:\/\/www.bestattung-leitner.at\/_aktuelleSterbefaelle\/index.php?rest_route=\/wp\/v2\/users\/4"}],"replies":[{"embeddable":true,"href":"https:\/\/www.bestattung-leitner.at\/_aktuelleSterbefaelle\/index.php?rest_route=%2Fwp%2Fv2%2Fcomments&post=2506"}],"version-history":[{"count":2,"href":"https:\/\/www.bestattung-leitner.at\/_aktuelleSterbefaelle\/index.php?rest_route=\/wp\/v2\/posts\/2506\/revisions"}],"predecessor-version":[{"id":2508,"href":"https:\/\/www.bestattung-leitner.at\/_aktuelleSterbefaelle\/index.php?rest_route=\/wp\/v2\/posts\/2506\/revisions\/2508"}],"wp:featuredmedia":[{"embeddable":true,"href":"https:\/\/www.bestattung-leitner.at\/_aktuelleSterbefaelle\/index.php?rest_route=\/wp\/v2\/media\/2504"}],"wp:attachment":[{"href":"https:\/\/www.bestattung-leitner.at\/_aktuelleSterbefaelle\/index.php?rest_route=%2Fwp%2Fv2%2Fmedia&parent=2506"}],"wp:term":[{"taxonomy":"category","embeddable":true,"href":"https:\/\/www.bestattung-leitner.at\/_aktuelleSterbefaelle\/index.php?rest_route=%2Fwp%2Fv2%2Fcategories&post=2506"},{"taxonomy":"post_tag","embeddable":true,"href":"https:\/\/www.bestattung-leitner.at\/_aktuelleSterbefaelle\/index.php?rest_route=%2Fwp%2Fv2%2Ftags&post=2506"}],"curies":[{"name":"wp","href":"https:\/\/api.w.org\/{rel}","templated":true}]}}